{"id":3730,"date":"2019-10-15T08:30:23","date_gmt":"2019-10-15T07:30:23","guid":{"rendered":"https:\/\/www.morchem.com\/successful-closure-of-fachpack-2019\/"},"modified":"2019-11-12T10:29:57","modified_gmt":"2019-11-12T09:29:57","slug":"successful-closure-of-fachpack-2019","status":"publish","type":"post","link":"https:\/\/www.morchem.com\/es\/successful-closure-of-fachpack-2019\/","title":{"rendered":"CIERRE EXITOSO DE FACHPACK 2019"},"content":{"rendered":"<h5 style=\"text-align: center;\">N\u00fcrnberg, 23 &#8211; 25 de Septiembre 2019<\/h5>\n<p>La exposici\u00f3n de este a\u00f1o se centr\u00f3 totalmente en envases ecol\u00f3gicos.<\/p>\n<p>La sostenibilidad y el ambientalismo fueron los temas actuales en boca de todos.\u00a0En nuestro stand podr\u00edamos discutir los puntos de vista y opiniones de profesionales que se unen a Morchem en la b\u00fasqueda de sinergias para lograr resultados \u00f3ptimos.<\/p>\n<p>\u00a1Gracias a todos nuestros visitantes! \u00a1Siempre es un placer compartir con vosotros las \u00faltimas novedades tecnol\u00f3gicas!<\/p>\n<div id=\"attachment_3721\" style=\"width: 310px\" class=\"wp-caption aligncenter\"><img loading=\"lazy\" decoding=\"async\" aria-describedby=\"caption-attachment-3721\" class=\"size-medium wp-image-3721\" src=\"https:\/\/www.morchem.com\/wp-content\/uploads\/2019\/10\/IMG_20190924_114907_1-300x225.jpg\" alt=\"\" width=\"300\" height=\"225\" srcset=\"https:\/\/www.morchem.com\/wp-content\/uploads\/2019\/10\/IMG_20190924_114907_1-300x225.jpg 300w, https:\/\/www.morchem.com\/wp-content\/uploads\/2019\/10\/IMG_20190924_114907_1-768x576.jpg 768w, https:\/\/www.morchem.com\/wp-content\/uploads\/2019\/10\/IMG_20190924_114907_1-1030x773.jpg 1030w, https:\/\/www.morchem.com\/wp-content\/uploads\/2019\/10\/IMG_20190924_114907_1-1500x1125.jpg 1500w, https:\/\/www.morchem.com\/wp-content\/uploads\/2019\/10\/IMG_20190924_114907_1-705x529.jpg 705w, https:\/\/www.morchem.com\/wp-content\/uploads\/2019\/10\/IMG_20190924_114907_1-450x338.jpg 450w\" sizes=\"auto, (max-width: 300px) 100vw, 300px\" \/><p id=\"caption-attachment-3721\" class=\"wp-caption-text\">cof<\/p><\/div>\n","protected":false},"excerpt":{"rendered":"<p>N\u00fcrnberg, 23 &#8211; 25 de Septiembre 2019 La exposici\u00f3n de este a\u00f1o se centr\u00f3 totalmente en envases ecol\u00f3gicos. La sostenibilidad y el ambientalismo fueron los temas actuales en boca de todos.\u00a0En nuestro stand podr\u00edamos discutir los puntos de vista y opiniones de profesionales que se unen a Morchem en la b\u00fasqueda de sinergias para lograr [&hellip;]<\/p>\n","protected":false},"author":4,"featured_media":0,"comment_status":"open","ping_status":"closed","sticky":false,"template":"","format":"standard","meta":{"footnotes":""},"categories":[42],"tags":[],"class_list":["post-3730","post","type-post","status-publish","format-standard","hentry","category-noticias"],"_links":{"self":[{"href":"https:\/\/www.morchem.com\/es\/wp-json\/wp\/v2\/posts\/3730","targetHints":{"allow":["GET"]}}],"collection":[{"href":"https:\/\/www.morchem.com\/es\/wp-json\/wp\/v2\/posts"}],"about":[{"href":"https:\/\/www.morchem.com\/es\/wp-json\/wp\/v2\/types\/post"}],"author":[{"embeddable":true,"href":"https:\/\/www.morchem.com\/es\/wp-json\/wp\/v2\/users\/4"}],"replies":[{"embeddable":true,"href":"https:\/\/www.morchem.com\/es\/wp-json\/wp\/v2\/comments?post=3730"}],"version-history":[{"count":3,"href":"https:\/\/www.morchem.com\/es\/wp-json\/wp\/v2\/posts\/3730\/revisions"}],"predecessor-version":[{"id":3752,"href":"https:\/\/www.morchem.com\/es\/wp-json\/wp\/v2\/posts\/3730\/revisions\/3752"}],"wp:attachment":[{"href":"https:\/\/www.morchem.com\/es\/wp-json\/wp\/v2\/media?parent=3730"}],"wp:term":[{"taxonomy":"category","embeddable":true,"href":"https:\/\/www.morchem.com\/es\/wp-json\/wp\/v2\/categories?post=3730"},{"taxonomy":"post_tag","embeddable":true,"href":"https:\/\/www.morchem.com\/es\/wp-json\/wp\/v2\/tags?post=3730"}],"curies":[{"name":"wp","href":"https:\/\/api.w.org\/{rel}","templated":true}]}}