{"id":3702,"date":"2019-10-09T13:27:18","date_gmt":"2019-10-09T12:27:18","guid":{"rendered":"https:\/\/www.morchem.com\/?p=3702"},"modified":"2019-11-12T10:27:42","modified_gmt":"2019-11-12T09:27:42","slug":"morchem-colabora-en-la-organizacion-del-1er-seminario-internacional-de-conversion-de-ecuador","status":"publish","type":"post","link":"https:\/\/www.morchem.com\/es\/morchem-colabora-en-la-organizacion-del-1er-seminario-internacional-de-conversion-de-ecuador\/","title":{"rendered":"MORCHEM COLABORA EN LA ORGANIZACI\u00d3N DEL 1ER. SEMINARIO INTERNACIONAL DE CONVERSI\u00d3N DE ECUADOR"},"content":{"rendered":"<h5 style=\"text-align: center;\">1 de Octubre en Quito \/ 2 de Octubre en Guayaquil<\/h5>\n<p><strong>MORCHEM<\/strong> ha colaborado en la organizaci\u00f3n del 1er Seminario Internacional de Conversi\u00f3n de Ecuador, en el cual se han impartido diferentes ponencias acerca de las novedades en el campo de embalaje flexible.<\/p>\n<p>Nuestra ponencia, Tecnolog\u00eda Innovadora en los adhesivos de laminaci\u00f3n, tuvo un impacto muy positivo en los asistentes a las dos sesiones realizadas en las ciudades de Quito y Guayaquil.<\/p>\n<p>Orgullosos por el gran \u00e9xito de participaci\u00f3n y por la perfecta organizaci\u00f3n del evento, queremos agradecer el inter\u00e9s mostrado a todos los asistentes.<\/p>\n<p>\u00a1Muchas gracias!<\/p>\n<p><img loading=\"lazy\" decoding=\"async\" class=\"alignnone size-full wp-image-3703\" src=\"https:\/\/www.morchem.com\/wp-content\/uploads\/2019\/10\/IMG-20191003-WA0000.jpg\" alt=\"\" width=\"1600\" height=\"1200\" srcset=\"https:\/\/www.morchem.com\/wp-content\/uploads\/2019\/10\/IMG-20191003-WA0000.jpg 1600w, https:\/\/www.morchem.com\/wp-content\/uploads\/2019\/10\/IMG-20191003-WA0000-300x225.jpg 300w, https:\/\/www.morchem.com\/wp-content\/uploads\/2019\/10\/IMG-20191003-WA0000-768x576.jpg 768w, https:\/\/www.morchem.com\/wp-content\/uploads\/2019\/10\/IMG-20191003-WA0000-1030x773.jpg 1030w, https:\/\/www.morchem.com\/wp-content\/uploads\/2019\/10\/IMG-20191003-WA0000-1500x1125.jpg 1500w, https:\/\/www.morchem.com\/wp-content\/uploads\/2019\/10\/IMG-20191003-WA0000-705x529.jpg 705w, https:\/\/www.morchem.com\/wp-content\/uploads\/2019\/10\/IMG-20191003-WA0000-450x338.jpg 450w\" sizes=\"auto, (max-width: 1600px) 100vw, 1600px\" \/><\/p>\n","protected":false},"excerpt":{"rendered":"<p>1 de Octubre en Quito \/ 2 de Octubre en Guayaquil MORCHEM ha colaborado en la organizaci\u00f3n del 1er Seminario Internacional de Conversi\u00f3n de Ecuador, en el cual se han impartido diferentes ponencias acerca de las novedades en el campo de embalaje flexible. Nuestra ponencia, Tecnolog\u00eda Innovadora en los adhesivos de laminaci\u00f3n, tuvo un impacto [&hellip;]<\/p>\n","protected":false},"author":4,"featured_media":0,"comment_status":"open","ping_status":"closed","sticky":false,"template":"","format":"standard","meta":{"footnotes":""},"categories":[42],"tags":[],"class_list":["post-3702","post","type-post","status-publish","format-standard","hentry","category-noticias"],"_links":{"self":[{"href":"https:\/\/www.morchem.com\/es\/wp-json\/wp\/v2\/posts\/3702","targetHints":{"allow":["GET"]}}],"collection":[{"href":"https:\/\/www.morchem.com\/es\/wp-json\/wp\/v2\/posts"}],"about":[{"href":"https:\/\/www.morchem.com\/es\/wp-json\/wp\/v2\/types\/post"}],"author":[{"embeddable":true,"href":"https:\/\/www.morchem.com\/es\/wp-json\/wp\/v2\/users\/4"}],"replies":[{"embeddable":true,"href":"https:\/\/www.morchem.com\/es\/wp-json\/wp\/v2\/comments?post=3702"}],"version-history":[{"count":3,"href":"https:\/\/www.morchem.com\/es\/wp-json\/wp\/v2\/posts\/3702\/revisions"}],"predecessor-version":[{"id":3745,"href":"https:\/\/www.morchem.com\/es\/wp-json\/wp\/v2\/posts\/3702\/revisions\/3745"}],"wp:attachment":[{"href":"https:\/\/www.morchem.com\/es\/wp-json\/wp\/v2\/media?parent=3702"}],"wp:term":[{"taxonomy":"category","embeddable":true,"href":"https:\/\/www.morchem.com\/es\/wp-json\/wp\/v2\/categories?post=3702"},{"taxonomy":"post_tag","embeddable":true,"href":"https:\/\/www.morchem.com\/es\/wp-json\/wp\/v2\/tags?post=3702"}],"curies":[{"name":"wp","href":"https:\/\/api.w.org\/{rel}","templated":true}]}}