{"id":3327,"date":"2018-10-10T15:40:01","date_gmt":"2018-10-10T14:40:01","guid":{"rendered":"https:\/\/www.morchem.com\/fachpack-2018-after-show-news\/"},"modified":"2018-10-10T15:46:22","modified_gmt":"2018-10-10T14:46:22","slug":"fachpack-2018-after-show-news","status":"publish","type":"post","link":"https:\/\/www.morchem.com\/es\/fachpack-2018-after-show-news\/","title":{"rendered":"FACHPACK 2018 &#8211; AFTER SHOW NEWS"},"content":{"rendered":"<p>Despu\u00e9s de esta intensiva feria de tres d\u00edas, podemos resumir diciendo que Fachpack, una vez m\u00e1s, ofreci\u00f3 una amplia gama de productos y servicios, de los cuales materiales de embalaje son el campo m\u00e1s grande. Aunque la exposici\u00f3n tiene un fuerte enfoque hacia los mercados de habla alemana, podemos notar cada vez m\u00e1s una creciente afluencia de visitantes de otros pa\u00edses europeos.<\/p>\n<p><strong>MORCHEM<\/strong> particip\u00f3 una vez m\u00e1s para ofrecer un punto de encuentro acogedor a nuestros clientes y consolidar las sinergias entre nuestros clientes del sector del Flexpack. Les agradecemos su visita a nuestro stand!<\/p>\n<p><img loading=\"lazy\" decoding=\"async\" class=\"wp-image-3322 aligncenter\" src=\"https:\/\/www.morchem.com\/wp-content\/uploads\/2018\/10\/IMG_20180925_162016-300x225.jpg\" alt=\"\" width=\"520\" height=\"390\" srcset=\"https:\/\/www.morchem.com\/wp-content\/uploads\/2018\/10\/IMG_20180925_162016-300x225.jpg 300w, https:\/\/www.morchem.com\/wp-content\/uploads\/2018\/10\/IMG_20180925_162016-768x576.jpg 768w, https:\/\/www.morchem.com\/wp-content\/uploads\/2018\/10\/IMG_20180925_162016-1030x773.jpg 1030w, https:\/\/www.morchem.com\/wp-content\/uploads\/2018\/10\/IMG_20180925_162016-1500x1125.jpg 1500w, https:\/\/www.morchem.com\/wp-content\/uploads\/2018\/10\/IMG_20180925_162016-705x529.jpg 705w, https:\/\/www.morchem.com\/wp-content\/uploads\/2018\/10\/IMG_20180925_162016-450x338.jpg 450w\" sizes=\"auto, (max-width: 520px) 100vw, 520px\" \/><\/p>\n","protected":false},"excerpt":{"rendered":"<p>Despu\u00e9s de esta intensiva feria de tres d\u00edas, podemos resumir diciendo que Fachpack, una vez m\u00e1s, ofreci\u00f3 una amplia gama de productos y servicios, de los cuales materiales de embalaje son el campo m\u00e1s grande. Aunque la exposici\u00f3n tiene un fuerte enfoque hacia los mercados de habla alemana, podemos notar cada vez m\u00e1s una creciente [&hellip;]<\/p>\n","protected":false},"author":4,"featured_media":0,"comment_status":"open","ping_status":"closed","sticky":false,"template":"","format":"standard","meta":{"footnotes":""},"categories":[42],"tags":[],"class_list":["post-3327","post","type-post","status-publish","format-standard","hentry","category-noticias"],"_links":{"self":[{"href":"https:\/\/www.morchem.com\/es\/wp-json\/wp\/v2\/posts\/3327","targetHints":{"allow":["GET"]}}],"collection":[{"href":"https:\/\/www.morchem.com\/es\/wp-json\/wp\/v2\/posts"}],"about":[{"href":"https:\/\/www.morchem.com\/es\/wp-json\/wp\/v2\/types\/post"}],"author":[{"embeddable":true,"href":"https:\/\/www.morchem.com\/es\/wp-json\/wp\/v2\/users\/4"}],"replies":[{"embeddable":true,"href":"https:\/\/www.morchem.com\/es\/wp-json\/wp\/v2\/comments?post=3327"}],"version-history":[{"count":3,"href":"https:\/\/www.morchem.com\/es\/wp-json\/wp\/v2\/posts\/3327\/revisions"}],"predecessor-version":[{"id":3333,"href":"https:\/\/www.morchem.com\/es\/wp-json\/wp\/v2\/posts\/3327\/revisions\/3333"}],"wp:attachment":[{"href":"https:\/\/www.morchem.com\/es\/wp-json\/wp\/v2\/media?parent=3327"}],"wp:term":[{"taxonomy":"category","embeddable":true,"href":"https:\/\/www.morchem.com\/es\/wp-json\/wp\/v2\/categories?post=3327"},{"taxonomy":"post_tag","embeddable":true,"href":"https:\/\/www.morchem.com\/es\/wp-json\/wp\/v2\/tags?post=3327"}],"curies":[{"name":"wp","href":"https:\/\/api.w.org\/{rel}","templated":true}]}}