{"id":3237,"date":"2018-08-31T12:18:45","date_gmt":"2018-08-31T11:18:45","guid":{"rendered":"https:\/\/www.morchem.com\/?p=3237"},"modified":"2018-08-31T12:27:52","modified_gmt":"2018-08-31T11:27:52","slug":"3237","status":"publish","type":"post","link":"https:\/\/www.morchem.com\/es\/3237\/","title":{"rendered":"MORCHEM DE NUEVO EN LA FACHPACK"},"content":{"rendered":"<p><img loading=\"lazy\" decoding=\"async\" class=\"wp-image-3229 aligncenter\" src=\"https:\/\/www.morchem.com\/wp-content\/uploads\/2018\/08\/630x400_en-300x190.jpeg\" alt=\"\" width=\"447\" height=\"283\" srcset=\"https:\/\/www.morchem.com\/wp-content\/uploads\/2018\/08\/630x400_en-300x190.jpeg 300w, https:\/\/www.morchem.com\/wp-content\/uploads\/2018\/08\/630x400_en-450x286.jpeg 450w, https:\/\/www.morchem.com\/wp-content\/uploads\/2018\/08\/630x400_en.jpeg 630w\" sizes=\"auto, (max-width: 447px) 100vw, 447px\" \/><\/p>\n<h3>La industria del embalaje se re\u00fane del 25 al 27 de Septiembre 2018 en el recinto ferial de Nuremberg<\/h3>\n<p>En un programa de 3 d\u00edas, FACHPACK re\u00fane a m\u00e1s de 1.500 expositores que muestran las nuevas tendencias, perspectivas y oportunidades dentro de la cadena de procesos de envasado y exhiben nuevas innovaciones y desarrollos con m\u00e1s de 40.00 visitantes profesionales de los sectores de envases intensivos.<\/p>\n<p>Una vez m\u00e1s, <strong>MORCHEM<\/strong> se complace en asistir a esta importante exposici\u00f3n para apoyarles en todos los aspectos relativos a nuestros adhesivos y como punto de encuentro para intercambiar nuestras \u00faltimas experiencias.<\/p>\n<p>Esperamos darle la bienvenida en nuestro stand No. 7A-747 (Hall 7A &#8211; la misma ubicaci\u00f3n que la \u00faltima edici\u00f3n).<\/p>\n<p>Para obtener m\u00e1s informaci\u00f3n acerca de FACHPACK, visite www.fachpack.de<\/p>\n","protected":false},"excerpt":{"rendered":"<p>La industria del embalaje se re\u00fane del 25 al 27 de Septiembre 2018 en el recinto ferial de Nuremberg En un programa de 3 d\u00edas, FACHPACK re\u00fane a m\u00e1s de 1.500 expositores que muestran las nuevas tendencias, perspectivas y oportunidades dentro de la cadena de procesos de envasado y exhiben nuevas innovaciones y desarrollos con [&hellip;]<\/p>\n","protected":false},"author":4,"featured_media":0,"comment_status":"open","ping_status":"closed","sticky":false,"template":"","format":"standard","meta":{"footnotes":""},"categories":[42],"tags":[],"class_list":["post-3237","post","type-post","status-publish","format-standard","hentry","category-noticias"],"_links":{"self":[{"href":"https:\/\/www.morchem.com\/es\/wp-json\/wp\/v2\/posts\/3237","targetHints":{"allow":["GET"]}}],"collection":[{"href":"https:\/\/www.morchem.com\/es\/wp-json\/wp\/v2\/posts"}],"about":[{"href":"https:\/\/www.morchem.com\/es\/wp-json\/wp\/v2\/types\/post"}],"author":[{"embeddable":true,"href":"https:\/\/www.morchem.com\/es\/wp-json\/wp\/v2\/users\/4"}],"replies":[{"embeddable":true,"href":"https:\/\/www.morchem.com\/es\/wp-json\/wp\/v2\/comments?post=3237"}],"version-history":[{"count":0,"href":"https:\/\/www.morchem.com\/es\/wp-json\/wp\/v2\/posts\/3237\/revisions"}],"wp:attachment":[{"href":"https:\/\/www.morchem.com\/es\/wp-json\/wp\/v2\/media?parent=3237"}],"wp:term":[{"taxonomy":"category","embeddable":true,"href":"https:\/\/www.morchem.com\/es\/wp-json\/wp\/v2\/categories?post=3237"},{"taxonomy":"post_tag","embeddable":true,"href":"https:\/\/www.morchem.com\/es\/wp-json\/wp\/v2\/tags?post=3237"}],"curies":[{"name":"wp","href":"https:\/\/api.w.org\/{rel}","templated":true}]}}