{"id":3101,"date":"2018-03-22T15:51:05","date_gmt":"2018-03-22T14:51:05","guid":{"rendered":"https:\/\/www.morchem.com\/?p=3101"},"modified":"2018-03-22T15:51:05","modified_gmt":"2018-03-22T14:51:05","slug":"morchem-participa-en-el-specialty-films-packaging-asia-2018","status":"publish","type":"post","link":"https:\/\/www.morchem.com\/es\/morchem-participa-en-el-specialty-films-packaging-asia-2018\/","title":{"rendered":"MORCHEM PARTICIPA EN EL SPECIALTY FILMS PACKAGING ASIA 2018"},"content":{"rendered":"<p><img loading=\"lazy\" decoding=\"async\" class=\"alignnone wp-image-3105\" src=\"https:\/\/www.morchem.com\/wp-content\/uploads\/2018\/03\/LOGO_ES-300x73.jpg\" alt=\"\" width=\"744\" height=\"181\" srcset=\"https:\/\/www.morchem.com\/wp-content\/uploads\/2018\/03\/LOGO_ES-300x73.jpg 300w, https:\/\/www.morchem.com\/wp-content\/uploads\/2018\/03\/LOGO_ES-768x187.jpg 768w, https:\/\/www.morchem.com\/wp-content\/uploads\/2018\/03\/LOGO_ES-705x171.jpg 705w, https:\/\/www.morchem.com\/wp-content\/uploads\/2018\/03\/LOGO_ES-450x109.jpg 450w, https:\/\/www.morchem.com\/wp-content\/uploads\/2018\/03\/LOGO_ES.jpg 877w\" sizes=\"auto, (max-width: 744px) 100vw, 744px\" \/><\/p>\n<p>Un a\u00f1o m\u00e1s, <strong>MORCHEM<\/strong> ha participado en la 5\u00aa Conferencia Internacional Asia Pac\u00edfico de AMI, enfocada hacia los mercados y la tecnolog\u00eda de embalaje flexible, representada por nuestros Business Managers de la India, AOM+Sudeste Asi\u00e1tico, Europa Central y nuestra Directora de I&amp;D.<\/p>\n<p>El objetivo principal de estas conferencias es reunir a los profesionales y expertos de la industria del embalaje en toda la regi\u00f3n de Asia y el Pac\u00edfico para debatir e intercambiar opiniones sobre tecnolog\u00edas clave y tendencias futuras del rendimiento del envasado, procesabilidad y sostenibilidad.<\/p>\n<p>Y precisamente este es el tema que enfoca nuestro ponente, Juan Sanchez, Business Manager de nuestra sucursal en Dubai y responsable de la regi\u00f3n de AOM+Sudeste Asi\u00e1tico, en su presentaci\u00f3n sobre \u201cTENDENCIAS FUTURAS DEL EMBALAJE FLEXIBLE\u201d.<\/p>\n<p>Tambi\u00e9n pudimos ofrecer informaci\u00f3n sobre nuestra amplia gama de productos en nuestra mesa de informaci\u00f3n situada en la antesala de las conferencias.<\/p>\n<p>En general, las conferencias han sido muy productivas, contando con una gran participaci\u00f3n de representantes de alrededor de 25 pa\u00edses.<\/p>\n<p><img loading=\"lazy\" decoding=\"async\" class=\"alignnone wp-image-3095 alignleft\" src=\"https:\/\/www.morchem.com\/wp-content\/uploads\/2018\/03\/IMG-20180314-WA0034-259x300.jpg\" alt=\"\" width=\"286\" height=\"331\" srcset=\"https:\/\/www.morchem.com\/wp-content\/uploads\/2018\/03\/IMG-20180314-WA0034-259x300.jpg 259w, https:\/\/www.morchem.com\/wp-content\/uploads\/2018\/03\/IMG-20180314-WA0034.jpg 373w\" sizes=\"auto, (max-width: 286px) 100vw, 286px\" \/><img loading=\"lazy\" decoding=\"async\" class=\"alignnone wp-image-3094 alignleft\" src=\"https:\/\/www.morchem.com\/wp-content\/uploads\/2018\/03\/20180313_140330-300x225.jpg\" alt=\"\" width=\"442\" height=\"331\" srcset=\"https:\/\/www.morchem.com\/wp-content\/uploads\/2018\/03\/20180313_140330-300x225.jpg 300w, https:\/\/www.morchem.com\/wp-content\/uploads\/2018\/03\/20180313_140330-768x576.jpg 768w, https:\/\/www.morchem.com\/wp-content\/uploads\/2018\/03\/20180313_140330-1030x773.jpg 1030w, https:\/\/www.morchem.com\/wp-content\/uploads\/2018\/03\/20180313_140330-1500x1125.jpg 1500w, https:\/\/www.morchem.com\/wp-content\/uploads\/2018\/03\/20180313_140330-705x529.jpg 705w, https:\/\/www.morchem.com\/wp-content\/uploads\/2018\/03\/20180313_140330-450x338.jpg 450w\" sizes=\"auto, (max-width: 442px) 100vw, 442px\" \/><\/p>\n<p>&nbsp;<\/p>\n","protected":false},"excerpt":{"rendered":"<p>Un a\u00f1o m\u00e1s, MORCHEM ha participado en la 5\u00aa Conferencia Internacional Asia Pac\u00edfico de AMI, enfocada hacia los mercados y la tecnolog\u00eda de embalaje flexible, representada por nuestros Business Managers de la India, AOM+Sudeste Asi\u00e1tico, Europa Central y nuestra Directora de I&amp;D. El objetivo principal de estas conferencias es reunir a los profesionales y expertos [&hellip;]<\/p>\n","protected":false},"author":4,"featured_media":0,"comment_status":"open","ping_status":"closed","sticky":false,"template":"","format":"standard","meta":{"footnotes":""},"categories":[42],"tags":[],"class_list":["post-3101","post","type-post","status-publish","format-standard","hentry","category-noticias"],"_links":{"self":[{"href":"https:\/\/www.morchem.com\/es\/wp-json\/wp\/v2\/posts\/3101","targetHints":{"allow":["GET"]}}],"collection":[{"href":"https:\/\/www.morchem.com\/es\/wp-json\/wp\/v2\/posts"}],"about":[{"href":"https:\/\/www.morchem.com\/es\/wp-json\/wp\/v2\/types\/post"}],"author":[{"embeddable":true,"href":"https:\/\/www.morchem.com\/es\/wp-json\/wp\/v2\/users\/4"}],"replies":[{"embeddable":true,"href":"https:\/\/www.morchem.com\/es\/wp-json\/wp\/v2\/comments?post=3101"}],"version-history":[{"count":0,"href":"https:\/\/www.morchem.com\/es\/wp-json\/wp\/v2\/posts\/3101\/revisions"}],"wp:attachment":[{"href":"https:\/\/www.morchem.com\/es\/wp-json\/wp\/v2\/media?parent=3101"}],"wp:term":[{"taxonomy":"category","embeddable":true,"href":"https:\/\/www.morchem.com\/es\/wp-json\/wp\/v2\/categories?post=3101"},{"taxonomy":"post_tag","embeddable":true,"href":"https:\/\/www.morchem.com\/es\/wp-json\/wp\/v2\/tags?post=3101"}],"curies":[{"name":"wp","href":"https:\/\/api.w.org\/{rel}","templated":true}]}}