{"id":1793,"date":"2017-02-06T09:24:33","date_gmt":"2017-02-06T09:24:33","guid":{"rendered":"https:\/\/www.morchem.com\/techtextil-in-frankfurt-am-main\/"},"modified":"2017-04-19T10:37:46","modified_gmt":"2017-04-19T09:37:46","slug":"techtextil-in-frankfurt-am-main","status":"publish","type":"post","link":"https:\/\/www.morchem.com\/de\/techtextil-in-frankfurt-am-main\/","title":{"rendered":"Techtextil in Frankfurt am Main"},"content":{"rendered":"<p>Vom 11. bis 13 Juni fand die Techtextil, eine wichtige internationale Textilhandelsmesse in Frankfurt am Main, Deutschland, statt.\u00a0 MORCHEM war ein erneutes Mal auf dieser Messe mit einem eigenen Stand vertreten.<\/p>\n<p>Trotz der angespannten wirtschaftlichen Lage in Europa, genossen wir eine sehr gute Ausstellung, die w\u00e4hrend der 3 Tage gut besucht war. Diese allgemeine Tendenz wurde in der Besucherzahl unseres Standes wiedergespiegelt, aber \u00fcberdies in der Qualit\u00e4t der Diskussionen. F\u00fcr MORCHEM hat die Techtextil 2013 die Ausgabe von vor 2 Jahren weit \u00fcbertroffen.<\/p>\n<p>Wir danken Ihnen f\u00fcr Ihren Besuch und Ihr Vertrauen, dass wir Ihnen guten Service bieten k\u00f6nnen. Wenn Sie nicht die M\u00f6glichkeit hatten, mit uns zu sprechen, z\u00f6gern Sie bitte nicht, uns zu kontaktieren.<\/p>\n<p><img loading=\"lazy\" decoding=\"async\" class=\"alignnone size-full wp-image-1221\" src=\"https:\/\/www.morchem.com\/wp-content\/uploads\/2017\/02\/techtextil_logo.jpg\" alt=\"\" width=\"378\" height=\"121\" srcset=\"https:\/\/www.morchem.com\/wp-content\/uploads\/2017\/02\/techtextil_logo.jpg 378w, https:\/\/www.morchem.com\/wp-content\/uploads\/2017\/02\/techtextil_logo-300x96.jpg 300w\" sizes=\"auto, (max-width: 378px) 100vw, 378px\" \/><\/p>\n<p><img loading=\"lazy\" decoding=\"async\" class=\"alignnone size-full wp-image-1220\" src=\"https:\/\/www.morchem.com\/wp-content\/uploads\/2017\/02\/techtextil_foto.jpg\" alt=\"\" width=\"378\" height=\"450\" srcset=\"https:\/\/www.morchem.com\/wp-content\/uploads\/2017\/02\/techtextil_foto.jpg 378w, https:\/\/www.morchem.com\/wp-content\/uploads\/2017\/02\/techtextil_foto-252x300.jpg 252w\" sizes=\"auto, (max-width: 378px) 100vw, 378px\" \/><\/p>\n<p>&nbsp;<\/p>\n","protected":false},"excerpt":{"rendered":"<p>Vom 11. bis 13 Juni fand die Techtextil, eine wichtige internationale Textilhandelsmesse in Frankfurt am Main, Deutschland, statt.\u00a0 MORCHEM war ein erneutes Mal auf dieser Messe mit einem eigenen Stand vertreten. Trotz der angespannten wirtschaftlichen Lage in Europa, genossen wir eine sehr gute Ausstellung, die w\u00e4hrend der 3 Tage gut besucht war. Diese allgemeine Tendenz [&hellip;]<\/p>\n","protected":false},"author":1,"featured_media":0,"comment_status":"open","ping_status":"closed","sticky":false,"template":"","format":"standard","meta":{"footnotes":""},"categories":[43],"tags":[],"class_list":["post-1793","post","type-post","status-publish","format-standard","hentry","category-news-de"],"_links":{"self":[{"href":"https:\/\/www.morchem.com\/de\/wp-json\/wp\/v2\/posts\/1793","targetHints":{"allow":["GET"]}}],"collection":[{"href":"https:\/\/www.morchem.com\/de\/wp-json\/wp\/v2\/posts"}],"about":[{"href":"https:\/\/www.morchem.com\/de\/wp-json\/wp\/v2\/types\/post"}],"author":[{"embeddable":true,"href":"https:\/\/www.morchem.com\/de\/wp-json\/wp\/v2\/users\/1"}],"replies":[{"embeddable":true,"href":"https:\/\/www.morchem.com\/de\/wp-json\/wp\/v2\/comments?post=1793"}],"version-history":[{"count":0,"href":"https:\/\/www.morchem.com\/de\/wp-json\/wp\/v2\/posts\/1793\/revisions"}],"wp:attachment":[{"href":"https:\/\/www.morchem.com\/de\/wp-json\/wp\/v2\/media?parent=1793"}],"wp:term":[{"taxonomy":"category","embeddable":true,"href":"https:\/\/www.morchem.com\/de\/wp-json\/wp\/v2\/categories?post=1793"},{"taxonomy":"post_tag","embeddable":true,"href":"https:\/\/www.morchem.com\/de\/wp-json\/wp\/v2\/tags?post=1793"}],"curies":[{"name":"wp","href":"https:\/\/api.w.org\/{rel}","templated":true}]}}